
{"id":2387,"date":"2022-08-22T12:19:47","date_gmt":"2022-08-22T12:19:47","guid":{"rendered":"http:\/\/desvin.coteam.de\/?p=2387"},"modified":"2022-08-22T12:19:51","modified_gmt":"2022-08-22T12:19:51","slug":"aktionen-bis-ende-september","status":"publish","type":"post","link":"https:\/\/designvinylboden.de\/index.php\/2022\/08\/22\/aktionen-bis-ende-september\/","title":{"rendered":"Aktionen bis Ende September"},"content":{"rendered":"\n<p>Bis Ende September 2022 haben wir NUR im Ausstellungsraum auf die UVP Preise der Hersteller ab 50 m\u00b2 25% Rabatt. <br>Dies gilt nur auf den Hersteller UVP und nur bei Kauf im Ausstellungsraum (gerne mit Anlieferung). <\/p>\n\n\n\n<p><strong>Folgende Bodenbelag Hersteller werden bei dieser Aktion bei uns ber\u00fccksichtigt : <\/strong><br><\/p>\n\n\n\n<ul class=\"wp-block-list\"><li>IPC Designb\u00f6den<\/li><li>Joka Jordan Designb\u00f6den<\/li><li>Casa Nova Positano Designb\u00f6den<\/li><\/ul>\n\n\n\n<p><strong>Plissees auf Ma\u00df im Ausstellungsraum mit neuer Preisliste um bis zu 20% reduzierte Stoffe.<\/strong><br>Bei eigenen Aufma\u00df und Montage mit weiteren &#8211; 5% auf die aktuelle Preisliste<\/p>\n\n\n\n<p><strong>Markisen, Au\u00dfenrollladen, Outdoor Plissees und Insektenschutz<\/strong><br>Sonderangebote f\u00fcr alle Ma\u00dfanfertigungen bei eigener Montage und Aufma\u00df<\/p>\n\n\n\n<p>Bei Fragen sehr gerne melden, wir beraten Sie sehr gerne<\/p>\n\n\n\n<p>ihr Fashion WohnTrend Team Bad Bodenteich<br>Tanja und Horst Engels<\/p>\n","protected":false},"excerpt":{"rendered":"<p>Bis Ende September 2022 haben wir NUR im Ausstellungsraum auf die UVP Preise der Hersteller ab 50 m\u00b2 25% Rabatt. Dies gilt nur auf den Hersteller UVP und nur bei Kauf im Ausstellungsraum (gerne mit Anlieferung). Folgende Bodenbelag Hersteller werden bei dieser Aktion bei uns ber\u00fccksichtigt : IPC Designb\u00f6den Joka Jordan Designb\u00f6den Casa Nova Positano&hellip;&nbsp;<a href=\"https:\/\/designvinylboden.de\/index.php\/2022\/08\/22\/aktionen-bis-ende-september\/\" rel=\"bookmark\">Weiterlesen &raquo;<span class=\"screen-reader-text\">Aktionen bis Ende September<\/span><\/a><\/p>\n","protected":false},"author":1,"featured_media":0,"comment_status":"open","ping_status":"open","sticky":false,"template":"","format":"standard","meta":{"neve_meta_sidebar":"","neve_meta_container":"","neve_meta_enable_content_width":"","neve_meta_content_width":0,"neve_meta_title_alignment":"","neve_meta_author_avatar":"","neve_post_elements_order":"","neve_meta_disable_header":"","neve_meta_disable_footer":"","neve_meta_disable_title":"","_joinchat":[],"footnotes":""},"categories":[1],"tags":[26,22,25,17,67,20,23,24,68,66],"class_list":["post-2387","post","type-post","status-publish","format-standard","hentry","category-designvinylboden","tag-bodenbelag","tag-casanova","tag-designvinyl","tag-fashion-wohntrend","tag-gifhorn","tag-ipc","tag-klebevinyl","tag-klickvinyl","tag-salzwedel","tag-uelzen"],"_links":{"self":[{"href":"https:\/\/designvinylboden.de\/index.php\/wp-json\/wp\/v2\/posts\/2387","targetHints":{"allow":["GET"]}}],"collection":[{"href":"https:\/\/designvinylboden.de\/index.php\/wp-json\/wp\/v2\/posts"}],"about":[{"href":"https:\/\/designvinylboden.de\/index.php\/wp-json\/wp\/v2\/types\/post"}],"author":[{"embeddable":true,"href":"https:\/\/designvinylboden.de\/index.php\/wp-json\/wp\/v2\/users\/1"}],"replies":[{"embeddable":true,"href":"https:\/\/designvinylboden.de\/index.php\/wp-json\/wp\/v2\/comments?post=2387"}],"version-history":[{"count":1,"href":"https:\/\/designvinylboden.de\/index.php\/wp-json\/wp\/v2\/posts\/2387\/revisions"}],"predecessor-version":[{"id":2388,"href":"https:\/\/designvinylboden.de\/index.php\/wp-json\/wp\/v2\/posts\/2387\/revisions\/2388"}],"wp:attachment":[{"href":"https:\/\/designvinylboden.de\/index.php\/wp-json\/wp\/v2\/media?parent=2387"}],"wp:term":[{"taxonomy":"category","embeddable":true,"href":"https:\/\/designvinylboden.de\/index.php\/wp-json\/wp\/v2\/categories?post=2387"},{"taxonomy":"post_tag","embeddable":true,"href":"https:\/\/designvinylboden.de\/index.php\/wp-json\/wp\/v2\/tags?post=2387"}],"curies":[{"name":"wp","href":"https:\/\/api.w.org\/{rel}","templated":true}]}}