
{"id":2530,"date":"2022-12-23T12:38:35","date_gmt":"2022-12-23T12:38:35","guid":{"rendered":"http:\/\/desvin.coteam.de\/?p=2530"},"modified":"2022-12-23T12:38:40","modified_gmt":"2022-12-23T12:38:40","slug":"schoene-feiertage","status":"publish","type":"post","link":"https:\/\/designvinylboden.de\/index.php\/2022\/12\/23\/schoene-feiertage\/","title":{"rendered":"Sch\u00f6ne Feiertage"},"content":{"rendered":"\n<figure class=\"wp-block-image size-large\"><img loading=\"lazy\" decoding=\"async\" width=\"1024\" height=\"683\" src=\"http:\/\/desvin.coteam.de\/wp-content\/uploads\/2022\/12\/christmas-2971961_1920-1024x683.jpg\" alt=\"\" class=\"wp-image-2531\" srcset=\"https:\/\/designvinylboden.de\/wp-content\/uploads\/2022\/12\/christmas-2971961_1920-1024x683.jpg 1024w, https:\/\/designvinylboden.de\/wp-content\/uploads\/2022\/12\/christmas-2971961_1920-300x200.jpg 300w, https:\/\/designvinylboden.de\/wp-content\/uploads\/2022\/12\/christmas-2971961_1920-768x512.jpg 768w, https:\/\/designvinylboden.de\/wp-content\/uploads\/2022\/12\/christmas-2971961_1920-1536x1024.jpg 1536w, https:\/\/designvinylboden.de\/wp-content\/uploads\/2022\/12\/christmas-2971961_1920-930x620.jpg 930w, https:\/\/designvinylboden.de\/wp-content\/uploads\/2022\/12\/christmas-2971961_1920-600x400.jpg 600w, https:\/\/designvinylboden.de\/wp-content\/uploads\/2022\/12\/christmas-2971961_1920.jpg 1920w\" sizes=\"auto, (max-width: 1024px) 100vw, 1024px\" \/><\/figure>\n\n\n\n<p>Wir w\u00fcnschen allen unseren Kunden wundersch\u00f6ne Weihnachtsfeiertage und einen guten Rutsch ins neue Jahr 2023.<\/p>\n\n\n\n<p>Es war f\u00fcr viele Menschen ein turbulentes Jahr, und wir glauben nicht daran das 2023 viel besser werden wird. Aber wir hoffen das ihr ALLE auch durch dieses Jahr mit maximal einem blauen Auge raus kommt. Wir werden auch 2023 weiter daf\u00fcr stehen den Bauherren den besten Preis beim gleichen Produkt anzubieten. <\/p>\n\n\n\n<p>Wir danken auf jeden Fall f\u00fcr die Treue 2022 und das wir Dank euch wieder ein Mal eine Umsatzsteigerung zum Vorjahr vorweisen zu k\u00f6nnen. <br>So geht es seit 2017 immer nur einen Weg f\u00fcr uns, nach OBEN, dank euch und einem Konzept das aufgeht.<\/p>\n\n\n\n<p>Vielen Dank <br>euer Fashion WohnTrend Team<br>Tanja und Horst Engels<br><\/p>\n","protected":false},"excerpt":{"rendered":"<p>Wir w\u00fcnschen allen unseren Kunden wundersch\u00f6ne Weihnachtsfeiertage und einen guten Rutsch ins neue Jahr 2023. Es war f\u00fcr viele Menschen ein turbulentes Jahr, und wir glauben nicht daran das 2023 viel besser werden wird. Aber wir hoffen das ihr ALLE auch durch dieses Jahr mit maximal einem blauen Auge raus kommt. Wir werden auch 2023&hellip;&nbsp;<a href=\"https:\/\/designvinylboden.de\/index.php\/2022\/12\/23\/schoene-feiertage\/\" rel=\"bookmark\">Weiterlesen &raquo;<span class=\"screen-reader-text\">Sch\u00f6ne Feiertage<\/span><\/a><\/p>\n","protected":false},"author":1,"featured_media":0,"comment_status":"open","ping_status":"open","sticky":false,"template":"","format":"standard","meta":{"neve_meta_sidebar":"","neve_meta_container":"","neve_meta_enable_content_width":"","neve_meta_content_width":0,"neve_meta_title_alignment":"","neve_meta_author_avatar":"","neve_post_elements_order":"","neve_meta_disable_header":"","neve_meta_disable_footer":"","neve_meta_disable_title":"","_joinchat":[],"footnotes":""},"categories":[1],"tags":[],"class_list":["post-2530","post","type-post","status-publish","format-standard","hentry","category-designvinylboden"],"_links":{"self":[{"href":"https:\/\/designvinylboden.de\/index.php\/wp-json\/wp\/v2\/posts\/2530","targetHints":{"allow":["GET"]}}],"collection":[{"href":"https:\/\/designvinylboden.de\/index.php\/wp-json\/wp\/v2\/posts"}],"about":[{"href":"https:\/\/designvinylboden.de\/index.php\/wp-json\/wp\/v2\/types\/post"}],"author":[{"embeddable":true,"href":"https:\/\/designvinylboden.de\/index.php\/wp-json\/wp\/v2\/users\/1"}],"replies":[{"embeddable":true,"href":"https:\/\/designvinylboden.de\/index.php\/wp-json\/wp\/v2\/comments?post=2530"}],"version-history":[{"count":1,"href":"https:\/\/designvinylboden.de\/index.php\/wp-json\/wp\/v2\/posts\/2530\/revisions"}],"predecessor-version":[{"id":2532,"href":"https:\/\/designvinylboden.de\/index.php\/wp-json\/wp\/v2\/posts\/2530\/revisions\/2532"}],"wp:attachment":[{"href":"https:\/\/designvinylboden.de\/index.php\/wp-json\/wp\/v2\/media?parent=2530"}],"wp:term":[{"taxonomy":"category","embeddable":true,"href":"https:\/\/designvinylboden.de\/index.php\/wp-json\/wp\/v2\/categories?post=2530"},{"taxonomy":"post_tag","embeddable":true,"href":"https:\/\/designvinylboden.de\/index.php\/wp-json\/wp\/v2\/tags?post=2530"}],"curies":[{"name":"wp","href":"https:\/\/api.w.org\/{rel}","templated":true}]}}